{"id":2241,"date":"2011-04-01T00:00:00","date_gmt":"2011-04-01T00:00:00","guid":{"rendered":"https:\/\/ens9004-mza.infd.edu.ar\/sitio\/convocatoria-para-todos-los-estudiantes-de-la-formacion-docente\/"},"modified":"2011-04-01T00:00:00","modified_gmt":"2011-04-01T00:00:00","slug":"convocatoria-para-todos-los-estudiantes-de-la-formacion-docente","status":"publish","type":"post","link":"https:\/\/ens9004-infd.mendoza.edu.ar\/sitio\/convocatoria-para-todos-los-estudiantes-de-la-formacion-docente\/","title":{"rendered":"Convocatoria para todos los estudiantes de la formaci\u00f3n docente."},"content":{"rendered":"<p class=\"sitio_noticia_volanta\" >Proyecto \u0093NOS-OTROS Y LA PARTICIPACI\u00d3N\u0094.<\/p>\n<h3>Convocatoria para todos los estudiantes de la formaci\u00f3n docente.<\/h3>\n<p class=\"sitio_noticia_copete\" >convocamos a todos los estudiantes a presentar proyectos que aborden la participaci\u00f3n estudiantil desde alguno de los ejes tem\u00e1ticos propuestos.<\/p>\n<hr class=\"sitio_noticia_contenido\" \/>\n<p >\n<p>Desde el equipo de Pol&iacute;ticas Estudiantiles, dependiente del Instituto Nacional de Formaci&oacute;n Docente (INFD), con en colaboraci&oacute;n con el Programa Educaci&oacute;n y Memoria del Ministerio de Educaci&oacute;n de la Naci&oacute;n, se presenta el Proyecto <strong>&ldquo;NOS-OTROS Y LA PARTICIPACI&Oacute;N&rdquo;<\/strong>.<\/p>\n<p>Esta propuesta es una invitaci&oacute;n a todos los estudiantes de la formaci&oacute;n docente a desarrollar acciones de construcci&oacute;n colectiva con el prop&oacute;sito de contribuir a una mayor democratizaci&oacute;n de las instituciones de nivel superior.<\/p>\n<p>A trav&eacute;s de esta nueva edici&oacute;n, se convoca a todos los estudiantes a presentar proyectos que aborden la participaci&oacute;n estudiantil desde alguno de los ejes tem&aacute;ticos propuestos, y a desarrollarlos a trav&eacute;s de diversos lenguajes expresivos:<\/p>\n<p><strong><span style=\"text-decoration: underline;\">EJES DE TRABAJO<\/span><\/strong><\/p>\n<p><strong>EJE I. EDUCACI&Oacute;N Y POL&Iacute;TICA<\/strong><\/p>\n<p>SUBEJE 1. CONCEPCIONES PEDAG&Oacute;GICAS Y EL DEBATE ACERCA DE LOS V&Iacute;NCULOS PEDAG&Oacute;GICOS<\/p>\n<p>SUBEJE 2. EL OFICIO POL&Iacute;TICO DE LOS DOCENTES<\/p>\n<p>SUBEJE 3. EDUCACI&Oacute;N Y&nbsp; DIVERSIDAD CULTURAL<\/p>\n<p><strong>EJE II. LOS J&Oacute;VENES Y LA POL&Iacute;TICA<\/strong><\/p>\n<p>SUBEJE 1. LA TRANSMISI&Oacute;N DEL PASADO RECIENTE<\/p>\n<p>SUBEJE 2. EL DERECHO A LA PARTICIPACI&Oacute;N POL&Iacute;TICA DE LOS J&Oacute;VENES<\/p>\n<p>&nbsp;<\/p>\n<p><strong><span style=\"text-decoration: underline;\">FORMATOS PARA EL DESARROLLO DE LOS PROYECTOS<\/span><\/strong><\/p>\n<ol>\n<li>MONOGRAF&Iacute;A &ndash; ENSAYO&nbsp;&nbsp; 2.      CINE-VIDEO&nbsp;&nbsp; 3. PROPUESTA TEATRAL&nbsp;&nbsp;&nbsp; 4. MICRO      RADIAL&nbsp;&nbsp;&nbsp; 5.&nbsp; MURAL<\/li>\n<\/ol>\n<p>Para participar de esta propuesta les solicitamos que cada uno de los grupos nos env&iacute;e antes del <strong>6 de mayo<\/strong> el dise&ntilde;o de su proyecto seg&uacute;n las indicaciones presentadas en el documento. El desarrollo de las acciones planificadas en los proyectos tendr&aacute; lugar a lo largo del a&ntilde;o, junto a las diferentes instancias de acompa&ntilde;amiento previstas por el equipo.<\/p>\n<p>Por &uacute;ltimo, est&aacute; previsto desde el INFD destinar una suma de dinero a definir para financiar los gastos que demande el desarrollo de cada propuesta seleccionada, atendiendo a la previsi&oacute;n adecuada y a su correcta rendici&oacute;n.<\/p>\n<p>Ante cualquier sugerencia o inquietud no duden en comunicarse a <a href=\"mailto:nosotros_participacion@infd.edu.ar\">nosotros_participacion@infd.edu.ar<\/a><\/p>\n<p><strong>&nbsp;<\/strong><\/p>\n<p><strong>Lic. Mariana Sanguinetti<br \/> Coordinadora de Pol&iacute;ticas Estudiantiles<br \/> Instituto Nacional de Formaci&oacute;n Docente (INFD)<\/strong><\/p><\/p>\n","protected":false},"excerpt":{"rendered":"<p>Proyecto \u0093NOS-OTROS Y LA PARTICIPACI\u00d3N\u0094. Convocatoria para todos los estudiantes de la formaci\u00f3n docente. convocamos a todos los estudiantes a presentar proyectos que aborden la participaci\u00f3n estudiantil desde alguno de los ejes tem\u00e1ticos propuestos. Desde el equipo de Pol&iacute;ticas Estudiantiles, dependiente del Instituto Nacional de Formaci&oacute;n Docente (INFD), con en colaboraci&oacute;n con el Programa Educaci&oacute;n &#8230; <a title=\"Convocatoria para todos los estudiantes de la formaci\u00f3n docente.\" class=\"read-more\" href=\"https:\/\/ens9004-infd.mendoza.edu.ar\/sitio\/convocatoria-para-todos-los-estudiantes-de-la-formacion-docente\/\" aria-label=\"More on Convocatoria para todos los estudiantes de la formaci\u00f3n docente.\">[+]<\/a><\/p>\n","protected":false},"author":1578,"featured_media":0,"comment_status":"open","ping_status":"open","sticky":false,"template":"","format":"standard","meta":[],"categories":[475,474],"tags":[],"acf":[],"_links":{"self":[{"href":"https:\/\/ens9004-infd.mendoza.edu.ar\/sitio\/wp-json\/wp\/v2\/posts\/2241"}],"collection":[{"href":"https:\/\/ens9004-infd.mendoza.edu.ar\/sitio\/wp-json\/wp\/v2\/posts"}],"about":[{"href":"https:\/\/ens9004-infd.mendoza.edu.ar\/sitio\/wp-json\/wp\/v2\/types\/post"}],"author":[{"embeddable":true,"href":"https:\/\/ens9004-infd.mendoza.edu.ar\/sitio\/wp-json\/wp\/v2\/users\/1578"}],"replies":[{"embeddable":true,"href":"https:\/\/ens9004-infd.mendoza.edu.ar\/sitio\/wp-json\/wp\/v2\/comments?post=2241"}],"version-history":[{"count":0,"href":"https:\/\/ens9004-infd.mendoza.edu.ar\/sitio\/wp-json\/wp\/v2\/posts\/2241\/revisions"}],"wp:attachment":[{"href":"https:\/\/ens9004-infd.mendoza.edu.ar\/sitio\/wp-json\/wp\/v2\/media?parent=2241"}],"wp:term":[{"taxonomy":"category","embeddable":true,"href":"https:\/\/ens9004-infd.mendoza.edu.ar\/sitio\/wp-json\/wp\/v2\/categories?post=2241"},{"taxonomy":"post_tag","embeddable":true,"href":"https:\/\/ens9004-infd.mendoza.edu.ar\/sitio\/wp-json\/wp\/v2\/tags?post=2241"}],"curies":[{"name":"wp","href":"https:\/\/api.w.org\/{rel}","templated":true}]}}