{"id":2231,"date":"2009-10-30T00:00:00","date_gmt":"2009-10-30T00:00:00","guid":{"rendered":"https:\/\/ens9004-mza.infd.edu.ar\/sitio\/alumnos-de-nivel-superior-toman-la-escuela-en-defensa-de-la-autonomia-institucional\/"},"modified":"2009-10-30T00:00:00","modified_gmt":"2009-10-30T00:00:00","slug":"alumnos-de-nivel-superior-toman-la-escuela-en-defensa-de-la-autonomia-institucional","status":"publish","type":"post","link":"https:\/\/ens9004-infd.mendoza.edu.ar\/sitio\/alumnos-de-nivel-superior-toman-la-escuela-en-defensa-de-la-autonomia-institucional\/","title":{"rendered":"Alumnos de nivel superior toman la escuela en defensa de la autonom\u00eda institucional"},"content":{"rendered":"<p class=\"sitio_noticia_volanta\" >La escuela tomada<\/p>\n<h3>Alumnos de nivel superior toman la escuela en defensa de la autonom\u00eda institucional<\/h3>\n<p class=\"sitio_noticia_copete\" >Tunuy\u00e1n est\u00e1 que arde<\/p>\n<hr class=\"sitio_noticia_contenido\" \/>\n<p >\n<p>Ante acciones inconsultas realizadas por el SUTE y la DGE, donde se pone en juego la autonom&iacute;a de la instituci&oacute;n, los alumnos tomaron la escuela, situaci&oacute;n que se dio por primera vez en todos los a&ntilde;os de vida de nuestro instituto.<\/p>\n<p>Estamos haciendo historia y los docentes y alumnos de la carrera de Profesorado de Historia, recopilan la informaci&oacute;n para dejar testimonio de esta situaci&oacute;n. A quien tenga fotograf&iacute;as, archivos mp3, videos, etc, por favor que lo acerque a bedel&iacute;a de la instituci&oacute;n.<\/p>\n<p>&nbsp;<\/p>\n<p>&nbsp;<\/p>\n<p>&nbsp;<\/p><\/p>\n","protected":false},"excerpt":{"rendered":"<p>La escuela tomada Alumnos de nivel superior toman la escuela en defensa de la autonom\u00eda institucional Tunuy\u00e1n est\u00e1 que arde Ante acciones inconsultas realizadas por el SUTE y la DGE, donde se pone en juego la autonom&iacute;a de la instituci&oacute;n, los alumnos tomaron la escuela, situaci&oacute;n que se dio por primera vez en todos los &#8230; <a title=\"Alumnos de nivel superior toman la escuela en defensa de la autonom\u00eda institucional\" class=\"read-more\" href=\"https:\/\/ens9004-infd.mendoza.edu.ar\/sitio\/alumnos-de-nivel-superior-toman-la-escuela-en-defensa-de-la-autonomia-institucional\/\" aria-label=\"More on Alumnos de nivel superior toman la escuela en defensa de la autonom\u00eda institucional\">[+]<\/a><\/p>\n","protected":false},"author":1578,"featured_media":0,"comment_status":"open","ping_status":"open","sticky":false,"template":"","format":"standard","meta":[],"categories":[475,474],"tags":[],"acf":[],"_links":{"self":[{"href":"https:\/\/ens9004-infd.mendoza.edu.ar\/sitio\/wp-json\/wp\/v2\/posts\/2231"}],"collection":[{"href":"https:\/\/ens9004-infd.mendoza.edu.ar\/sitio\/wp-json\/wp\/v2\/posts"}],"about":[{"href":"https:\/\/ens9004-infd.mendoza.edu.ar\/sitio\/wp-json\/wp\/v2\/types\/post"}],"author":[{"embeddable":true,"href":"https:\/\/ens9004-infd.mendoza.edu.ar\/sitio\/wp-json\/wp\/v2\/users\/1578"}],"replies":[{"embeddable":true,"href":"https:\/\/ens9004-infd.mendoza.edu.ar\/sitio\/wp-json\/wp\/v2\/comments?post=2231"}],"version-history":[{"count":0,"href":"https:\/\/ens9004-infd.mendoza.edu.ar\/sitio\/wp-json\/wp\/v2\/posts\/2231\/revisions"}],"wp:attachment":[{"href":"https:\/\/ens9004-infd.mendoza.edu.ar\/sitio\/wp-json\/wp\/v2\/media?parent=2231"}],"wp:term":[{"taxonomy":"category","embeddable":true,"href":"https:\/\/ens9004-infd.mendoza.edu.ar\/sitio\/wp-json\/wp\/v2\/categories?post=2231"},{"taxonomy":"post_tag","embeddable":true,"href":"https:\/\/ens9004-infd.mendoza.edu.ar\/sitio\/wp-json\/wp\/v2\/tags?post=2231"}],"curies":[{"name":"wp","href":"https:\/\/api.w.org\/{rel}","templated":true}]}}