{"id":1241,"date":"2012-11-21T23:11:00","date_gmt":"2012-11-21T20:11:00","guid":{"rendered":"https:\/\/ens9004-mza.infd.edu.ar\/sitio\/el-agua-bien-comun-y-derecho-humano-problemas-y-desafios-en-mendoza-y-america-latina\/"},"modified":"2012-11-21T23:11:00","modified_gmt":"2012-11-21T20:11:00","slug":"el-agua-bien-comun-y-derecho-humano-problemas-y-desafios-en-mendoza-y-america-latina","status":"publish","type":"post","link":"https:\/\/ens9004-infd.mendoza.edu.ar\/sitio\/el-agua-bien-comun-y-derecho-humano-problemas-y-desafios-en-mendoza-y-america-latina\/","title":{"rendered":"El agua, bien com\u00fan y derecho humano: problemas y desaf\u00edos en Mendoza y Am\u00e9rica Latina"},"content":{"rendered":"<p style=\"text-align: center;\">&nbsp;<\/p>\n<hr style=\"height: 2px; width: 550px;\" width=\"550\" size=\"2\">\n<p style=\"text-align: center;\"><span style=\"color: #000080; font-family: georgia, palatino; font-size: 10pt;\"><strong>Charla debate del Licenciado Marcelo Giraud<\/strong><\/span><\/p>\n<hr style=\"height: 3px; width: 550px;\" width=\"550\" size=\"3\">\n<p>&nbsp;<img decoding=\"async\" style=\"border: 0; float: left;\" src=\"https:\/\/ens9004-infd.mendoza.edu.ar\/sitio\/wp-content\/uploads\/2018\/07\/foto1.jpg\" border=\"0\"><span style=\"color: #000080; font-family: georgia, palatino; font-size: 10pt;\">El d&iacute;a <\/span><strong style=\"color: #000080; font-family: georgia, palatino; font-size: 10pt;\">14 de noviembre<\/strong><span style=\"color: #000080; font-family: georgia, palatino; font-size: 10pt;\"> nos visit&oacute; en nuestra instituci&oacute;n el Licenciado en Geograf&iacute;a, Marcelo Giraud, especialista en estudios sobre miner&iacute;a y referente de las asambleas de defensa del agua.<\/span><\/p>\n<p><span style=\"color: #000080; font-family: georgia, palatino; font-size: 10pt;\">Motiv&oacute; su presencia la conmemoraci&oacute;n del 128 aniversario&nbsp;(20 de noviembre de 1884)&nbsp;de la creaci&oacute;n del Departamento General de Irrigaci&oacute;n.<\/span><\/p>\n<p><span style=\"color: #000080; font-family: georgia, palatino; font-size: 10pt;\">Disert&oacute; sobre el uso del agua y sus problem&aacute;ticas en el mundo, Latinoam&eacute;rica, Argentina y especialmente Mendoza, en una conferencia denominada: <strong>\u00abEl agua, bien com&uacute;n y derecho humano: problemas y desaf&iacute;os en Mendoza y Am&eacute;rica Latina\u00bb.<\/strong><\/span><\/p>\n<p><span style=\"color: #000080; font-family: georgia, palatino; font-size: 10pt;\">Los asistentes pudieron escuchar con detenimiento los detalles t&eacute;cnicos aportados por el Licenciado Giraud y a la vez enlazarlos con la problem&aacute;tica de la miner&iacute;a extractiva a cielo abierto.<\/span><\/p>\n<p><span style=\"color: #000080; font-family: georgia, palatino; font-size: 10pt;\">Participaron, tambi&eacute;n como asistentes, miembros de la asamblea de autoconvocados en defensa del agua, realizando valiosos aportes a la disertaci&oacute;n.<\/span><\/p>\n<p><span style=\"color: #000080; font-family: georgia, palatino; font-size: 10pt;\">El Licenciado Giraud se mostr&oacute; diligente con el auditorio y agradeci&oacute; profundamente el cari&ntilde;o recibido de parte de los estudiantes, docentes y personal del IES Normal Toribio de Luzuriaga.<\/span><\/p>\n<p style=\"text-align: right;\"><strong><span style=\"color: #000080; font-family: georgia, palatino; font-size: 10pt;\">Prof. Mart&iacute;n Rodrigo L&oacute;pez<\/span><\/strong><\/p>\n<p style=\"text-align: center;\"><img decoding=\"async\" loading=\"lazy\" src=\"https:\/\/lh4.googleusercontent.com\/-fXdbFXWkxks\/UK1nsPym0SI\/AAAAAAAACsM\/U9EnvFE6lbs\/s600\/animaci%25C3%25B3n1.gif\" border=\"0\" width=\"600\" height=\"451\"><\/p>\n<p style=\"text-align: right;\"><strong><span style=\"color: #000080; font-family: georgia, palatino; font-size: 10pt;\"><br \/><\/span><\/strong><\/p><\/p>\n","protected":false},"excerpt":{"rendered":"<p>&nbsp; Charla debate del Licenciado Marcelo Giraud &nbsp;El d&iacute;a 14 de noviembre nos visit&oacute; en nuestra instituci&oacute;n el Licenciado en Geograf&iacute;a, Marcelo Giraud, especialista en estudios sobre miner&iacute;a y referente de las asambleas de defensa del agua. Motiv&oacute; su presencia la conmemoraci&oacute;n del 128 aniversario&nbsp;(20 de noviembre de 1884)&nbsp;de la creaci&oacute;n del Departamento General de &#8230; <a title=\"El agua, bien com\u00fan y derecho humano: problemas y desaf\u00edos en Mendoza y Am\u00e9rica Latina\" class=\"read-more\" href=\"https:\/\/ens9004-infd.mendoza.edu.ar\/sitio\/el-agua-bien-comun-y-derecho-humano-problemas-y-desafios-en-mendoza-y-america-latina\/\" aria-label=\"More on El agua, bien com\u00fan y derecho humano: problemas y desaf\u00edos en Mendoza y Am\u00e9rica Latina\">[+]<\/a><\/p>\n","protected":false},"author":1578,"featured_media":0,"comment_status":"open","ping_status":"open","sticky":false,"template":"","format":"standard","meta":[],"categories":[9],"tags":[],"acf":[],"_links":{"self":[{"href":"https:\/\/ens9004-infd.mendoza.edu.ar\/sitio\/wp-json\/wp\/v2\/posts\/1241"}],"collection":[{"href":"https:\/\/ens9004-infd.mendoza.edu.ar\/sitio\/wp-json\/wp\/v2\/posts"}],"about":[{"href":"https:\/\/ens9004-infd.mendoza.edu.ar\/sitio\/wp-json\/wp\/v2\/types\/post"}],"author":[{"embeddable":true,"href":"https:\/\/ens9004-infd.mendoza.edu.ar\/sitio\/wp-json\/wp\/v2\/users\/1578"}],"replies":[{"embeddable":true,"href":"https:\/\/ens9004-infd.mendoza.edu.ar\/sitio\/wp-json\/wp\/v2\/comments?post=1241"}],"version-history":[{"count":0,"href":"https:\/\/ens9004-infd.mendoza.edu.ar\/sitio\/wp-json\/wp\/v2\/posts\/1241\/revisions"}],"wp:attachment":[{"href":"https:\/\/ens9004-infd.mendoza.edu.ar\/sitio\/wp-json\/wp\/v2\/media?parent=1241"}],"wp:term":[{"taxonomy":"category","embeddable":true,"href":"https:\/\/ens9004-infd.mendoza.edu.ar\/sitio\/wp-json\/wp\/v2\/categories?post=1241"},{"taxonomy":"post_tag","embeddable":true,"href":"https:\/\/ens9004-infd.mendoza.edu.ar\/sitio\/wp-json\/wp\/v2\/tags?post=1241"}],"curies":[{"name":"wp","href":"https:\/\/api.w.org\/{rel}","templated":true}]}}