{"id":11246,"date":"2025-07-04T15:32:31","date_gmt":"2025-07-04T18:32:31","guid":{"rendered":"https:\/\/ens9004-infd.mendoza.edu.ar\/sitio\/?p=11246"},"modified":"2025-07-04T15:32:33","modified_gmt":"2025-07-04T18:32:33","slug":"ii-jornadas-de-la-infancias-y-i-seminario-de-sujetos-contextos-y-trayectorias-en-la-escena-educativa","status":"publish","type":"post","link":"https:\/\/ens9004-infd.mendoza.edu.ar\/sitio\/ii-jornadas-de-la-infancias-y-i-seminario-de-sujetos-contextos-y-trayectorias-en-la-escena-educativa\/","title":{"rendered":"II Jornadas de la Infancias y I Seminario de Sujetos, Contextos y Trayectorias en la escena educativa"},"content":{"rendered":"\n<h5 class=\"wp-block-heading\">Durante dos d\u00edas, el IES T-004 reuni\u00f3 a docentes, estudiantes, especialistas y<br>autoridades en una propuesta formativa centrada en el acompa\u00f1amiento a las<br>trayectorias educativas desde la infancia.<\/h5>\n\n\n\n<p>El 27 y 28 de junio se llevaron a cabo las II Jornadas Provinciales de las Infancias y el I<br>Seminario \u201cSujetos, Contextos y Trayectorias en la Escena Educativa\u201d, organizados por<br>el Instituto de Educaci\u00f3n Superior T-004 \u201cGral. Toribio de Luzuriaga\u201d. La propuesta<br>reuni\u00f3 a cerca de 200 personas entre estudiantes, docentes, equipos t\u00e9cnicos,<br>autoridades e invitados especiales en una experiencia de formaci\u00f3n, intercambio y<br>construcci\u00f3n colectiva.<\/p>\n\n\n\n<figure class=\"wp-block-gallery has-nested-images columns-default is-cropped wp-block-gallery-1 is-layout-flex\">\n<figure class=\"wp-block-image size-large\"><img decoding=\"async\" loading=\"lazy\" width=\"1024\" height=\"683\" data-id=\"11248\"  src=\"https:\/\/ens9004-infd.mendoza.edu.ar\/sitio\/wp-content\/uploads\/2025\/07\/MG_1499.jpg\" alt=\"\" class=\"wp-image-11248\" srcset=\"https:\/\/ens9004-infd.mendoza.edu.ar\/sitio\/wp-content\/uploads\/2025\/07\/MG_1499.jpg 1024w, https:\/\/ens9004-infd.mendoza.edu.ar\/sitio\/wp-content\/uploads\/2025\/07\/MG_1499-1000x667.jpg 1000w, https:\/\/ens9004-infd.mendoza.edu.ar\/sitio\/wp-content\/uploads\/2025\/07\/MG_1499-768x512.jpg 768w\" sizes=\"(max-width: 1024px) 100vw, 1024px\" \/><\/figure>\n\n\n\n<figure class=\"wp-block-image size-large\"><img decoding=\"async\" loading=\"lazy\" width=\"1024\" height=\"683\" data-id=\"11252\"  src=\"https:\/\/ens9004-infd.mendoza.edu.ar\/sitio\/wp-content\/uploads\/2025\/07\/MG_1614.jpg\" alt=\"\" class=\"wp-image-11252\" srcset=\"https:\/\/ens9004-infd.mendoza.edu.ar\/sitio\/wp-content\/uploads\/2025\/07\/MG_1614.jpg 1024w, https:\/\/ens9004-infd.mendoza.edu.ar\/sitio\/wp-content\/uploads\/2025\/07\/MG_1614-1000x667.jpg 1000w, https:\/\/ens9004-infd.mendoza.edu.ar\/sitio\/wp-content\/uploads\/2025\/07\/MG_1614-768x512.jpg 768w\" sizes=\"(max-width: 1024px) 100vw, 1024px\" \/><\/figure>\n\n\n\n<figure class=\"wp-block-image size-large\"><img decoding=\"async\" loading=\"lazy\" width=\"1024\" height=\"683\" data-id=\"11249\"  src=\"https:\/\/ens9004-infd.mendoza.edu.ar\/sitio\/wp-content\/uploads\/2025\/07\/MG_1671.jpg\" alt=\"\" class=\"wp-image-11249\" srcset=\"https:\/\/ens9004-infd.mendoza.edu.ar\/sitio\/wp-content\/uploads\/2025\/07\/MG_1671.jpg 1024w, https:\/\/ens9004-infd.mendoza.edu.ar\/sitio\/wp-content\/uploads\/2025\/07\/MG_1671-1000x667.jpg 1000w, https:\/\/ens9004-infd.mendoza.edu.ar\/sitio\/wp-content\/uploads\/2025\/07\/MG_1671-768x512.jpg 768w\" sizes=\"(max-width: 1024px) 100vw, 1024px\" \/><\/figure>\n\n\n\n<figure class=\"wp-block-image size-large\"><img decoding=\"async\" loading=\"lazy\" width=\"1900\" height=\"1425\" data-id=\"11251\"  src=\"https:\/\/ens9004-infd.mendoza.edu.ar\/sitio\/wp-content\/uploads\/2025\/07\/Imagen-de-WhatsApp-2025-06-27-a-las-11.21.27_89d4c75c-1900x1425.jpg\" alt=\"\" class=\"wp-image-11251\" srcset=\"https:\/\/ens9004-infd.mendoza.edu.ar\/sitio\/wp-content\/uploads\/2025\/07\/Imagen-de-WhatsApp-2025-06-27-a-las-11.21.27_89d4c75c-1900x1425.jpg 1900w, https:\/\/ens9004-infd.mendoza.edu.ar\/sitio\/wp-content\/uploads\/2025\/07\/Imagen-de-WhatsApp-2025-06-27-a-las-11.21.27_89d4c75c-1000x750.jpg 1000w, https:\/\/ens9004-infd.mendoza.edu.ar\/sitio\/wp-content\/uploads\/2025\/07\/Imagen-de-WhatsApp-2025-06-27-a-las-11.21.27_89d4c75c-768x576.jpg 768w, https:\/\/ens9004-infd.mendoza.edu.ar\/sitio\/wp-content\/uploads\/2025\/07\/Imagen-de-WhatsApp-2025-06-27-a-las-11.21.27_89d4c75c-1536x1152.jpg 1536w, https:\/\/ens9004-infd.mendoza.edu.ar\/sitio\/wp-content\/uploads\/2025\/07\/Imagen-de-WhatsApp-2025-06-27-a-las-11.21.27_89d4c75c-2048x1536.jpg 2048w\" sizes=\"(max-width: 1900px) 100vw, 1900px\" \/><\/figure>\n\n\n\n<figure class=\"wp-block-image size-large\"><img decoding=\"async\" loading=\"lazy\" width=\"1024\" height=\"683\" data-id=\"11250\"  src=\"https:\/\/ens9004-infd.mendoza.edu.ar\/sitio\/wp-content\/uploads\/2025\/07\/IMG_1550.jpg\" alt=\"\" class=\"wp-image-11250\" srcset=\"https:\/\/ens9004-infd.mendoza.edu.ar\/sitio\/wp-content\/uploads\/2025\/07\/IMG_1550.jpg 1024w, https:\/\/ens9004-infd.mendoza.edu.ar\/sitio\/wp-content\/uploads\/2025\/07\/IMG_1550-1000x667.jpg 1000w, https:\/\/ens9004-infd.mendoza.edu.ar\/sitio\/wp-content\/uploads\/2025\/07\/IMG_1550-768x512.jpg 768w\" sizes=\"(max-width: 1024px) 100vw, 1024px\" \/><\/figure>\n<\/figure>\n\n\n\n<p>Durante ambos d\u00edas se desarroll\u00f3 una agenda amplia y diversa que incluy\u00f3 ponencias,<br>talleres, mesas de di\u00e1logo tem\u00e1tico, experiencias institucionales e intervenciones<br>culturales, con el objetivo de reflexionar sobre los derechos de las infancias, el rol<br>docente, las modalidades educativas, la salud y el cuidado, el juego y los escenarios<br>alternativos de aprendizaje.<br>La apertura institucional estuvo a cargo de la Rectora del IES T-004, Prof. Esp. Rosa<br>Garc\u00eda S\u00e1nchez, quien destac\u00f3 la importancia de este tipo de instancias para fortalecer<br>la formaci\u00f3n docente y, con ello, beneficiar tambi\u00e9n a las infancias y a todos los sujetos<br>que integran la escena educativa.<br>A continuaci\u00f3n, brind\u00f3 unas palabras de bienvenida el Intendente del Departamento de<br>Tunuy\u00e1n, Prof. Emir Andraos, quien celebr\u00f3 la continuidad de las Jornadas en el territorio<br>y el compromiso sostenido del IES con la educaci\u00f3n p\u00fablica.<br>Tambi\u00e9n acompa\u00f1aron el acto la Directora de Educaci\u00f3n Superior de la Provincia, Prof.<br>Lic. Mariela Ramos; la Subsecretaria de Infancias, Adolescencias y Juventudes del<br>Ministerio de Educaci\u00f3n, Cultura, Infancias y DGE, Lic. Ver\u00f3nica \u00c1lvarez Ocampos; y la<br>Directora de Educaci\u00f3n del Municipio de Tunuy\u00e1n, Prof. Andrea Rodr\u00edguez.<br>Durante la primera jornada, el cierre estuvo a cargo del historietista Chanti, quien<br>comparti\u00f3 un recorrido por su obra y dibuj\u00f3 en vivo, invitando a pensar las infancias<br>desde la creatividad, el humor y el juego.<\/p>\n\n\n\n<figure class=\"wp-block-gallery has-nested-images columns-default is-cropped wp-block-gallery-3 is-layout-flex\">\n<figure class=\"wp-block-image size-large\"><img decoding=\"async\" loading=\"lazy\" width=\"683\" height=\"1024\" data-id=\"11260\"  src=\"https:\/\/ens9004-infd.mendoza.edu.ar\/sitio\/wp-content\/uploads\/2025\/07\/MG_1534-1.jpg\" alt=\"\" class=\"wp-image-11260\" srcset=\"https:\/\/ens9004-infd.mendoza.edu.ar\/sitio\/wp-content\/uploads\/2025\/07\/MG_1534-1.jpg 683w, https:\/\/ens9004-infd.mendoza.edu.ar\/sitio\/wp-content\/uploads\/2025\/07\/MG_1534-1-667x1000.jpg 667w\" sizes=\"(max-width: 683px) 100vw, 683px\" \/><\/figure>\n\n\n\n<figure class=\"wp-block-image size-large\"><img decoding=\"async\" loading=\"lazy\" width=\"1024\" height=\"683\" data-id=\"11259\"  src=\"https:\/\/ens9004-infd.mendoza.edu.ar\/sitio\/wp-content\/uploads\/2025\/07\/MG_1613-1.jpg\" alt=\"\" class=\"wp-image-11259\" srcset=\"https:\/\/ens9004-infd.mendoza.edu.ar\/sitio\/wp-content\/uploads\/2025\/07\/MG_1613-1.jpg 1024w, https:\/\/ens9004-infd.mendoza.edu.ar\/sitio\/wp-content\/uploads\/2025\/07\/MG_1613-1-1000x667.jpg 1000w, https:\/\/ens9004-infd.mendoza.edu.ar\/sitio\/wp-content\/uploads\/2025\/07\/MG_1613-1-768x512.jpg 768w\" sizes=\"(max-width: 1024px) 100vw, 1024px\" \/><\/figure>\n\n\n\n<figure class=\"wp-block-image size-large\"><img decoding=\"async\" loading=\"lazy\" width=\"683\" height=\"1024\" data-id=\"11258\"  src=\"https:\/\/ens9004-infd.mendoza.edu.ar\/sitio\/wp-content\/uploads\/2025\/07\/IMG_1542-2.jpg\" alt=\"\" class=\"wp-image-11258\" srcset=\"https:\/\/ens9004-infd.mendoza.edu.ar\/sitio\/wp-content\/uploads\/2025\/07\/IMG_1542-2.jpg 683w, https:\/\/ens9004-infd.mendoza.edu.ar\/sitio\/wp-content\/uploads\/2025\/07\/IMG_1542-2-667x1000.jpg 667w\" sizes=\"(max-width: 683px) 100vw, 683px\" \/><\/figure>\n<\/figure>\n\n\n\n<p>La segunda jornada finaliz\u00f3 con la presentaci\u00f3n de Elena Santa Cruz, reconocida<br>educadora, escritora y titiritera, quien emocion\u00f3 al p\u00fablico con su propuesta \u201cEl arte del<br>sost\u00e9n\u201d, centrada en el poder del v\u00ednculo, la palabra y los objetos l\u00fadicos como puentes<br>educativos.<\/p>\n\n\n\n<p>Uno de los momentos m\u00e1s significativos del encuentro fue la declaraci\u00f3n de inter\u00e9s<br>provincial otorgada por la Honorable C\u00e1mara de Diputados de Mendoza. La entrega del<br>reconocimiento se realiz\u00f3 durante la ma\u00f1ana del s\u00e1bado, con la presencia de la<br>diputada provincial Flavia Dalmau y la delegada regional de la Direcci\u00f3n General de<br>Escuelas, Prof. Fernanda Barkudi, quienes destacaron el valor de esta propuesta<br>formativa y el compromiso del IES con la educaci\u00f3n de calidad en la regi\u00f3n.<br>Durante el encuentro, tambi\u00e9n se entregaron distinciones institucionales a docentes<br>que han contribuido de manera significativa al crecimiento de la formaci\u00f3n docente y de<br>la educaci\u00f3n inicial: Cristina Neira, Eugenia Rom\u00e1n, Andrea Rodr\u00edguez y Margarita<br>Mazzone.<br>Estas jornadas fueron una valiosa oportunidad para seguir fortaleciendo la formaci\u00f3n<br>docente, compartir experiencias significativas y de generar encuentro.<\/p>\n\n\n\n<h4 class=\"wp-block-heading\">Mir\u00e1 la galer\u00eda de fotos <a rel=\"noreferrer noopener\" href=\"https:\/\/drive.google.com\/drive\/folders\/1MglRKnInNeA-SjwGkDUmuqcIzC_PZaul?usp=drive_link\" target=\"_blank\">aqu\u00ed<\/a><\/h4>\n","protected":false},"excerpt":{"rendered":"<p>Durante dos d\u00edas, el IES T-004 reuni\u00f3 a docentes, estudiantes, especialistas yautoridades en una propuesta formativa centrada en el acompa\u00f1amiento a lastrayectorias educativas desde la infancia. El 27 y 28 de junio se llevaron a cabo las II Jornadas Provinciales de las Infancias y el ISeminario \u201cSujetos, Contextos y Trayectorias en la Escena Educativa\u201d, organizados &#8230; <a title=\"II Jornadas de la Infancias y I Seminario de Sujetos, Contextos y Trayectorias en la escena educativa\" class=\"read-more\" href=\"https:\/\/ens9004-infd.mendoza.edu.ar\/sitio\/ii-jornadas-de-la-infancias-y-i-seminario-de-sujetos-contextos-y-trayectorias-en-la-escena-educativa\/\" aria-label=\"More on II Jornadas de la Infancias y I Seminario de Sujetos, Contextos y Trayectorias en la escena educativa\">[+]<\/a><\/p>\n","protected":false},"author":2001,"featured_media":11247,"comment_status":"open","ping_status":"open","sticky":false,"template":"","format":"standard","meta":[],"categories":[1],"tags":[531,533,530,534,532],"acf":[],"_links":{"self":[{"href":"https:\/\/ens9004-infd.mendoza.edu.ar\/sitio\/wp-json\/wp\/v2\/posts\/11246"}],"collection":[{"href":"https:\/\/ens9004-infd.mendoza.edu.ar\/sitio\/wp-json\/wp\/v2\/posts"}],"about":[{"href":"https:\/\/ens9004-infd.mendoza.edu.ar\/sitio\/wp-json\/wp\/v2\/types\/post"}],"author":[{"embeddable":true,"href":"https:\/\/ens9004-infd.mendoza.edu.ar\/sitio\/wp-json\/wp\/v2\/users\/2001"}],"replies":[{"embeddable":true,"href":"https:\/\/ens9004-infd.mendoza.edu.ar\/sitio\/wp-json\/wp\/v2\/comments?post=11246"}],"version-history":[{"count":1,"href":"https:\/\/ens9004-infd.mendoza.edu.ar\/sitio\/wp-json\/wp\/v2\/posts\/11246\/revisions"}],"predecessor-version":[{"id":11261,"href":"https:\/\/ens9004-infd.mendoza.edu.ar\/sitio\/wp-json\/wp\/v2\/posts\/11246\/revisions\/11261"}],"wp:featuredmedia":[{"embeddable":true,"href":"https:\/\/ens9004-infd.mendoza.edu.ar\/sitio\/wp-json\/wp\/v2\/media\/11247"}],"wp:attachment":[{"href":"https:\/\/ens9004-infd.mendoza.edu.ar\/sitio\/wp-json\/wp\/v2\/media?parent=11246"}],"wp:term":[{"taxonomy":"category","embeddable":true,"href":"https:\/\/ens9004-infd.mendoza.edu.ar\/sitio\/wp-json\/wp\/v2\/categories?post=11246"},{"taxonomy":"post_tag","embeddable":true,"href":"https:\/\/ens9004-infd.mendoza.edu.ar\/sitio\/wp-json\/wp\/v2\/tags?post=11246"}],"curies":[{"name":"wp","href":"https:\/\/api.w.org\/{rel}","templated":true}]}}